{"id":1174,"date":"2026-01-14T13:27:02","date_gmt":"2026-01-14T13:27:02","guid":{"rendered":"https:\/\/ibbg.ch.hira.ch-meta.net\/mobilita-internazionale\/"},"modified":"2026-01-15T15:46:46","modified_gmt":"2026-01-15T15:46:46","slug":"mobilita-internazionale","status":"publish","type":"post","link":"https:\/\/ibbg.ch\/it\/mobilita-internazionale\/","title":{"rendered":"Mobilit\u00e0 internazionale"},"content":{"rendered":"<div class=\"fusion-fullwidth fullwidth-box fusion-builder-row-1 fusion-flex-container has-pattern-background has-mask-background nonhundred-percent-fullwidth non-hundred-percent-height-scrolling\" style=\"--awb-border-radius-top-left:0px;--awb-border-radius-top-right:0px;--awb-border-radius-bottom-right:0px;--awb-border-radius-bottom-left:0px;--awb-flex-wrap:wrap;\" ><div class=\"fusion-builder-row fusion-row fusion-flex-align-items-flex-start fusion-flex-content-wrap\" style=\"max-width:1248px;margin-left: calc(-4% \/ 2 );margin-right: calc(-4% \/ 2 );\"><div class=\"fusion-layout-column fusion_builder_column fusion-builder-column-0 fusion_builder_column_1_1 1_1 fusion-flex-column\" style=\"--awb-bg-size:cover;--awb-width-large:100%;--awb-margin-top-large:0px;--awb-spacing-right-large:1.92%;--awb-margin-bottom-large:20px;--awb-spacing-left-large:1.92%;--awb-width-medium:100%;--awb-order-medium:0;--awb-spacing-right-medium:1.92%;--awb-spacing-left-medium:1.92%;--awb-width-small:100%;--awb-order-small:0;--awb-spacing-right-small:1.92%;--awb-spacing-left-small:1.92%;\"><div class=\"fusion-column-wrapper fusion-column-has-shadow fusion-flex-justify-content-flex-start fusion-content-layout-column\"><div class=\"fusion-text fusion-text-1\"><h2>Mobilit\u00e0 internazionale<\/h2>\n<div class=\"edn_articleSummary\">\n<p>A causa della mancanza di autorizzazione da parte di Movetia, IBBG non ha potuto offrire alcuna mobilit\u00e0 internazionale nel 2025.<\/p>\n<p>Il progetto \u00e8 stato ripresentato a ottobre. Il progetto di mobilit\u00e0 con destinazione Irlanda \u00e8 stato approvato e potr\u00e0 essere riproposto in forma simile nel 2026. Come negli anni precedenti, il programma dettagliato sar\u00e0 presentato online a gennaio.  <\/p>\n<\/div>\n<\/div><\/div><\/div><\/div><\/div>\n","protected":false},"excerpt":{"rendered":"","protected":false},"author":1,"featured_media":0,"comment_status":"open","ping_status":"closed","sticky":false,"template":"","format":"standard","meta":{"footnotes":""},"categories":[32],"tags":[],"class_list":["post-1174","post","type-post","status-publish","format-standard","hentry","category-actualites"],"_links":{"self":[{"href":"https:\/\/ibbg.ch\/it\/wp-json\/wp\/v2\/posts\/1174","targetHints":{"allow":["GET"]}}],"collection":[{"href":"https:\/\/ibbg.ch\/it\/wp-json\/wp\/v2\/posts"}],"about":[{"href":"https:\/\/ibbg.ch\/it\/wp-json\/wp\/v2\/types\/post"}],"author":[{"embeddable":true,"href":"https:\/\/ibbg.ch\/it\/wp-json\/wp\/v2\/users\/1"}],"replies":[{"embeddable":true,"href":"https:\/\/ibbg.ch\/it\/wp-json\/wp\/v2\/comments?post=1174"}],"version-history":[{"count":4,"href":"https:\/\/ibbg.ch\/it\/wp-json\/wp\/v2\/posts\/1174\/revisions"}],"predecessor-version":[{"id":1954,"href":"https:\/\/ibbg.ch\/it\/wp-json\/wp\/v2\/posts\/1174\/revisions\/1954"}],"wp:attachment":[{"href":"https:\/\/ibbg.ch\/it\/wp-json\/wp\/v2\/media?parent=1174"}],"wp:term":[{"taxonomy":"category","embeddable":true,"href":"https:\/\/ibbg.ch\/it\/wp-json\/wp\/v2\/categories?post=1174"},{"taxonomy":"post_tag","embeddable":true,"href":"https:\/\/ibbg.ch\/it\/wp-json\/wp\/v2\/tags?post=1174"}],"curies":[{"name":"wp","href":"https:\/\/api.w.org\/{rel}","templated":true}]}}