{"id":1823,"date":"2025-09-10T14:45:27","date_gmt":"2025-09-10T14:45:27","guid":{"rendered":"https:\/\/ibbg.ch\/changement-de-direction-de-libbg\/"},"modified":"2025-09-10T14:49:57","modified_gmt":"2025-09-10T14:49:57","slug":"changement-de-direction-de-libbg","status":"publish","type":"post","link":"https:\/\/ibbg.ch\/fr\/changement-de-direction-de-libbg\/","title":{"rendered":"Changement de direction de l&rsquo;IBBG"},"content":{"rendered":"<div class=\"fusion-fullwidth fullwidth-box fusion-builder-row-1 fusion-flex-container has-pattern-background has-mask-background nonhundred-percent-fullwidth non-hundred-percent-height-scrolling\" style=\"--awb-border-radius-top-left:0px;--awb-border-radius-top-right:0px;--awb-border-radius-bottom-right:0px;--awb-border-radius-bottom-left:0px;--awb-flex-wrap:wrap;\" ><div class=\"fusion-builder-row fusion-row fusion-flex-align-items-flex-start fusion-flex-content-wrap\" style=\"max-width:1248px;margin-left: calc(-4% \/ 2 );margin-right: calc(-4% \/ 2 );\"><div class=\"fusion-layout-column fusion_builder_column fusion-builder-column-0 fusion_builder_column_1_1 1_1 fusion-flex-column\" style=\"--awb-bg-size:cover;--awb-width-large:100%;--awb-margin-top-large:0px;--awb-spacing-right-large:1.92%;--awb-margin-bottom-large:20px;--awb-spacing-left-large:1.92%;--awb-width-medium:100%;--awb-order-medium:0;--awb-spacing-right-medium:1.92%;--awb-spacing-left-medium:1.92%;--awb-width-small:100%;--awb-order-small:0;--awb-spacing-right-small:1.92%;--awb-spacing-left-small:1.92%;\"><div class=\"fusion-column-wrapper fusion-column-has-shadow fusion-flex-justify-content-flex-start fusion-content-layout-column\"><div class=\"fusion-text fusion-text-1\"><p data-start=\"166\" data-end=\"312\">La communaut\u00e9 d&rsquo;int\u00e9r\u00eats pour la formation professionnelle dans les Grisons (Interessengemeinschaft Berufsbildung Graub\u00fcnden, IBBG) a annonc\u00e9 le changement de direction lors de son assembl\u00e9e des d\u00e9l\u00e9gu\u00e9s.<\/p>\n<p>Apr\u00e8s plus de dix ans, il passe le relais \u00e0  <strong data-start=\"345\" data-end=\"361\">Georg Berger<\/strong>  au 1er ao\u00fbt 2025, son mandat \u00e0  <strong data-start=\"396\" data-end=\"409\">Ben H\u00fcter<\/strong>. L&rsquo;IBBG remercie chaleureusement Georg Berger pour son grand engagement et le travail fructueux qu&rsquo;il a accompli pendant de nombreuses ann\u00e9es pour l&rsquo;organisation.<\/p>\n<p>Pour toute correspondance future, veuillez vous adresser directement au nouveau directeur : <a class=\"decorated-link cursor-pointer\" href=\"mailto:ben.hueter@ibbg.ch\" rel=\"noopener\" data-start=\"634\" data-end=\"681\">ben.hueter@ibbg.ch.<\/a><\/p>\n<p>La pr\u00e9sidente de l&rsquo;IBBG, <strong data-start=\"712\" data-end=\"728\">Karin Zindel<\/strong>, souhaite \u00e0 Ben H\u00fcter un bon d\u00e9part et beaucoup de plaisir dans ses nouvelles fonctions.<\/p>\n<\/div><\/div><\/div><\/div><\/div>\n","protected":false},"excerpt":{"rendered":"","protected":false},"author":1,"featured_media":0,"comment_status":"closed","ping_status":"closed","sticky":false,"template":"","format":"standard","meta":{"footnotes":""},"categories":[31],"tags":[],"class_list":["post-1823","post","type-post","status-publish","format-standard","hentry","category-news-fr"],"_links":{"self":[{"href":"https:\/\/ibbg.ch\/fr\/wp-json\/wp\/v2\/posts\/1823","targetHints":{"allow":["GET"]}}],"collection":[{"href":"https:\/\/ibbg.ch\/fr\/wp-json\/wp\/v2\/posts"}],"about":[{"href":"https:\/\/ibbg.ch\/fr\/wp-json\/wp\/v2\/types\/post"}],"author":[{"embeddable":true,"href":"https:\/\/ibbg.ch\/fr\/wp-json\/wp\/v2\/users\/1"}],"replies":[{"embeddable":true,"href":"https:\/\/ibbg.ch\/fr\/wp-json\/wp\/v2\/comments?post=1823"}],"version-history":[{"count":2,"href":"https:\/\/ibbg.ch\/fr\/wp-json\/wp\/v2\/posts\/1823\/revisions"}],"predecessor-version":[{"id":1825,"href":"https:\/\/ibbg.ch\/fr\/wp-json\/wp\/v2\/posts\/1823\/revisions\/1825"}],"wp:attachment":[{"href":"https:\/\/ibbg.ch\/fr\/wp-json\/wp\/v2\/media?parent=1823"}],"wp:term":[{"taxonomy":"category","embeddable":true,"href":"https:\/\/ibbg.ch\/fr\/wp-json\/wp\/v2\/categories?post=1823"},{"taxonomy":"post_tag","embeddable":true,"href":"https:\/\/ibbg.ch\/fr\/wp-json\/wp\/v2\/tags?post=1823"}],"curies":[{"name":"wp","href":"https:\/\/api.w.org\/{rel}","templated":true}]}}