{"id":1171,"date":"2026-01-14T13:27:02","date_gmt":"2026-01-14T13:27:02","guid":{"rendered":"https:\/\/ibbg.ch.hira.ch-meta.net\/mobilites-internationales\/"},"modified":"2026-01-15T15:46:16","modified_gmt":"2026-01-15T15:46:16","slug":"mobilites-internationales","status":"publish","type":"post","link":"https:\/\/ibbg.ch\/fr\/mobilites-internationales\/","title":{"rendered":"Mobilit\u00e9s internationales"},"content":{"rendered":"<div class=\"fusion-fullwidth fullwidth-box fusion-builder-row-1 fusion-flex-container has-pattern-background has-mask-background nonhundred-percent-fullwidth non-hundred-percent-height-scrolling\" style=\"--awb-border-radius-top-left:0px;--awb-border-radius-top-right:0px;--awb-border-radius-bottom-right:0px;--awb-border-radius-bottom-left:0px;--awb-flex-wrap:wrap;\" ><div class=\"fusion-builder-row fusion-row fusion-flex-align-items-flex-start fusion-flex-content-wrap\" style=\"max-width:1248px;margin-left: calc(-4% \/ 2 );margin-right: calc(-4% \/ 2 );\"><div class=\"fusion-layout-column fusion_builder_column fusion-builder-column-0 fusion_builder_column_1_1 1_1 fusion-flex-column\" style=\"--awb-bg-size:cover;--awb-width-large:100%;--awb-margin-top-large:0px;--awb-spacing-right-large:1.92%;--awb-margin-bottom-large:20px;--awb-spacing-left-large:1.92%;--awb-width-medium:100%;--awb-order-medium:0;--awb-spacing-right-medium:1.92%;--awb-spacing-left-medium:1.92%;--awb-width-small:100%;--awb-order-small:0;--awb-spacing-right-small:1.92%;--awb-spacing-left-small:1.92%;\"><div class=\"fusion-column-wrapper fusion-column-has-shadow fusion-flex-justify-content-flex-start fusion-content-layout-column\"><div class=\"fusion-text fusion-text-1\"><h2>Mobilit\u00e9s internationales<\/h2>\n<div class=\"edn_articleSummary\">\n<p>En raison de l&rsquo;absence d&rsquo;autorisation de Movetia, l&rsquo;IBBG n&rsquo;a pas pu proposer de mobilit\u00e9s internationales en 2025.<\/p>\n<p>Une nouvelle demande a \u00e9t\u00e9 d\u00e9pos\u00e9e en octobre. Le projet de mobilit\u00e9 vers l&rsquo;Irlande a \u00e9t\u00e9 approuv\u00e9 et pourra \u00eatre propos\u00e9 \u00e0 nouveau sous une forme similaire en 2026. Comme les ann\u00e9es pr\u00e9c\u00e9dentes, le programme d\u00e9taill\u00e9 sera pr\u00e9sent\u00e9 en ligne en janvier.  <\/p>\n<\/div>\n<\/div><\/div><\/div><\/div><\/div>\n","protected":false},"excerpt":{"rendered":"","protected":false},"author":1,"featured_media":0,"comment_status":"open","ping_status":"closed","sticky":false,"template":"","format":"standard","meta":{"footnotes":""},"categories":[31],"tags":[],"class_list":["post-1171","post","type-post","status-publish","format-standard","hentry","category-news-fr"],"_links":{"self":[{"href":"https:\/\/ibbg.ch\/fr\/wp-json\/wp\/v2\/posts\/1171","targetHints":{"allow":["GET"]}}],"collection":[{"href":"https:\/\/ibbg.ch\/fr\/wp-json\/wp\/v2\/posts"}],"about":[{"href":"https:\/\/ibbg.ch\/fr\/wp-json\/wp\/v2\/types\/post"}],"author":[{"embeddable":true,"href":"https:\/\/ibbg.ch\/fr\/wp-json\/wp\/v2\/users\/1"}],"replies":[{"embeddable":true,"href":"https:\/\/ibbg.ch\/fr\/wp-json\/wp\/v2\/comments?post=1171"}],"version-history":[{"count":4,"href":"https:\/\/ibbg.ch\/fr\/wp-json\/wp\/v2\/posts\/1171\/revisions"}],"predecessor-version":[{"id":1952,"href":"https:\/\/ibbg.ch\/fr\/wp-json\/wp\/v2\/posts\/1171\/revisions\/1952"}],"wp:attachment":[{"href":"https:\/\/ibbg.ch\/fr\/wp-json\/wp\/v2\/media?parent=1171"}],"wp:term":[{"taxonomy":"category","embeddable":true,"href":"https:\/\/ibbg.ch\/fr\/wp-json\/wp\/v2\/categories?post=1171"},{"taxonomy":"post_tag","embeddable":true,"href":"https:\/\/ibbg.ch\/fr\/wp-json\/wp\/v2\/tags?post=1171"}],"curies":[{"name":"wp","href":"https:\/\/api.w.org\/{rel}","templated":true}]}}