{"id":1147,"date":"2026-02-20T07:44:17","date_gmt":"2026-02-20T07:44:17","guid":{"rendered":"https:\/\/ibbg.ch.hira.ch-meta.net\/informations-pour-les-entreprises-formatrices-et-les-apprentis-en-fin-de-formation\/"},"modified":"2026-02-20T09:31:23","modified_gmt":"2026-02-20T09:31:23","slug":"informations-pour-les-entreprises-formatrices-et-les-apprentis-en-fin-de-formation","status":"publish","type":"post","link":"https:\/\/ibbg.ch\/fr\/informations-pour-les-entreprises-formatrices-et-les-apprentis-en-fin-de-formation\/","title":{"rendered":"Informations pour les entreprises formatrices et les jeunes en fin d&rsquo;apprentissage"},"content":{"rendered":"<div class=\"fusion-fullwidth fullwidth-box fusion-builder-row-1 fusion-flex-container nonhundred-percent-fullwidth non-hundred-percent-height-scrolling\" style=\"--awb-border-radius-top-left:0px;--awb-border-radius-top-right:0px;--awb-border-radius-bottom-right:0px;--awb-border-radius-bottom-left:0px;--awb-flex-wrap:wrap;\" ><div class=\"fusion-builder-row fusion-row fusion-flex-align-items-flex-start fusion-flex-content-wrap\" style=\"max-width:1248px;margin-left: calc(-4% \/ 2 );margin-right: calc(-4% \/ 2 );\"><div class=\"fusion-layout-column fusion_builder_column fusion-builder-column-0 fusion_builder_column_1_1 1_1 fusion-flex-column\" style=\"--awb-bg-size:cover;--awb-width-large:100%;--awb-margin-top-large:0px;--awb-spacing-right-large:1.92%;--awb-margin-bottom-large:0px;--awb-spacing-left-large:1.92%;--awb-width-medium:100%;--awb-spacing-right-medium:1.92%;--awb-spacing-left-medium:1.92%;--awb-width-small:100%;--awb-spacing-right-small:1.92%;--awb-spacing-left-small:1.92%;\"><div class=\"fusion-column-wrapper fusion-flex-justify-content-flex-start fusion-content-layout-column\"><div class=\"fusion-text fusion-text-1\"><div class=\"edn_articleSummary\">\n<p>Les personnes qui terminent bient\u00f4t leur formation se penchent t\u00f4t ou tard sur la prochaine \u00e9tape de leur carri\u00e8re. Partir ou rester ? Faire carri\u00e8re ? Faire des \u00e9tudes ?   <\/p>\n<\/div>\n<div>\n<div class=\"edn_articleDocuments\">\n<ul>\n<li class=\"edn_docType_pdf\"><a href=\"https:\/\/ibbg.ch\/wp-content\/uploads\/2025\/06\/Informationen_Informations_Informazioni.pdf\" target=\"_blank\" rel=\"noopener\">Informations<\/a><\/li>\n<li><a href=\"https:\/\/ibbg.ch\/wp-content\/uploads\/2025\/06\/Perspektiven.pdf\" target=\"_blank\" rel=\"noopener\">Perspectives<\/a><\/li>\n<li><a href=\"https:\/\/ibbg.ch\/wp-content\/uploads\/2025\/06\/Weiterbildungen_STF_2026.pdf\" target=\"_blank\" rel=\"noopener\">Formation continue STF 2026<\/a><\/li>\n<li><a href=\"https:\/\/nextcloud.swhost.ch\/s\/NtKFF7ox2kWxt9i\" target=\"_blank\" rel=\"noopener\">Pr\u00e9sentation de la STF<\/a><\/li>\n<li><a href=\"https:\/\/nextcloud.swhost.ch\/s\/6wGKCJBryByAyjd\" target=\"_blank\" rel=\"noopener\">Carte des perspectives<\/a><\/li>\n<li><a href=\"https:\/\/nextcloud.swhost.ch\/s\/ycxeSHRGDSmKtBA\" target=\"_blank\" rel=\"noopener\">Syst\u00e8me d&rsquo;\u00e9ducation avec parcours de carri\u00e8re<\/a><\/li>\n<\/ul>\n<\/div>\n<\/div>\n<div>\n<div class=\"edn_articleLinks\">\n<ul>\n<li><a href=\"https:\/\/ibbg.ch\/wp-content\/uploads\/2025\/06\/brosch_IBBG_de_web.pdf\" target=\"_blank\" rel=\"noopener\">\u00c9tude sur le devenir<\/a><\/li>\n<\/ul>\n<\/div>\n<\/div>\n<\/div><\/div><\/div><\/div><\/div>\n","protected":false},"excerpt":{"rendered":"","protected":false},"author":1,"featured_media":0,"comment_status":"open","ping_status":"closed","sticky":false,"template":"","format":"standard","meta":{"footnotes":""},"categories":[31],"tags":[],"class_list":["post-1147","post","type-post","status-publish","format-standard","hentry","category-news-fr"],"_links":{"self":[{"href":"https:\/\/ibbg.ch\/fr\/wp-json\/wp\/v2\/posts\/1147","targetHints":{"allow":["GET"]}}],"collection":[{"href":"https:\/\/ibbg.ch\/fr\/wp-json\/wp\/v2\/posts"}],"about":[{"href":"https:\/\/ibbg.ch\/fr\/wp-json\/wp\/v2\/types\/post"}],"author":[{"embeddable":true,"href":"https:\/\/ibbg.ch\/fr\/wp-json\/wp\/v2\/users\/1"}],"replies":[{"embeddable":true,"href":"https:\/\/ibbg.ch\/fr\/wp-json\/wp\/v2\/comments?post=1147"}],"version-history":[{"count":16,"href":"https:\/\/ibbg.ch\/fr\/wp-json\/wp\/v2\/posts\/1147\/revisions"}],"predecessor-version":[{"id":2038,"href":"https:\/\/ibbg.ch\/fr\/wp-json\/wp\/v2\/posts\/1147\/revisions\/2038"}],"wp:attachment":[{"href":"https:\/\/ibbg.ch\/fr\/wp-json\/wp\/v2\/media?parent=1147"}],"wp:term":[{"taxonomy":"category","embeddable":true,"href":"https:\/\/ibbg.ch\/fr\/wp-json\/wp\/v2\/categories?post=1147"},{"taxonomy":"post_tag","embeddable":true,"href":"https:\/\/ibbg.ch\/fr\/wp-json\/wp\/v2\/tags?post=1147"}],"curies":[{"name":"wp","href":"https:\/\/api.w.org\/{rel}","templated":true}]}}